{"id":3893,"date":"2021-09-21T14:38:15","date_gmt":"2021-09-21T12:38:15","guid":{"rendered":"https:\/\/www.chateaudelarocheguyon.fr\/?p=3893"},"modified":"2021-09-21T14:41:35","modified_gmt":"2021-09-21T12:41:35","slug":"journee-detude-jardin","status":"publish","type":"post","link":"https:\/\/www.chateaudelarocheguyon.fr\/le-chateau-se-livre\/journee-detude-jardin\/","title":{"rendered":"JOURN\u00c9E d&#8217;\u00e9tude jardin"},"content":{"rendered":"<blockquote><p>Le ch\u00e2teau a le plaisir de vous proposer une journ\u00e9e \u00e9tude Jardin &#8220;Le vivant conna\u00eet-il des fronti\u00e8res ?&#8221;<em><br \/>\n<\/em><\/p>\n<p>Rendez-vous le 25 septembre de 10h \u00e0 17h30.<\/p><\/blockquote>\n<hr>\n<h5><strong><img loading=\"lazy\" decoding=\"async\" class=\"wp-image-3894 size-medium alignleft\" src=\"https:\/\/www.chateaudelarocheguyon.fr\/wp-content\/uploads\/2021\/09\/210925_Journee-etude-jardin_afficheA3-BD-212x300.jpg\" alt=\"\" width=\"212\" height=\"300\" srcset=\"https:\/\/www.chateaudelarocheguyon.fr\/le-chateau-se-livre\/wp-content\/uploads\/2021\/09\/210925_Journee-etude-jardin_afficheA3-BD-212x300.jpg 212w, https:\/\/www.chateaudelarocheguyon.fr\/le-chateau-se-livre\/wp-content\/uploads\/2021\/09\/210925_Journee-etude-jardin_afficheA3-BD-724x1024.jpg 724w, https:\/\/www.chateaudelarocheguyon.fr\/le-chateau-se-livre\/wp-content\/uploads\/2021\/09\/210925_Journee-etude-jardin_afficheA3-BD-768x1086.jpg 768w, https:\/\/www.chateaudelarocheguyon.fr\/le-chateau-se-livre\/wp-content\/uploads\/2021\/09\/210925_Journee-etude-jardin_afficheA3-BD-1086x1536.jpg 1086w, https:\/\/www.chateaudelarocheguyon.fr\/le-chateau-se-livre\/wp-content\/uploads\/2021\/09\/210925_Journee-etude-jardin_afficheA3-BD-1448x2048.jpg 1448w, https:\/\/www.chateaudelarocheguyon.fr\/le-chateau-se-livre\/wp-content\/uploads\/2021\/09\/210925_Journee-etude-jardin_afficheA3-BD.jpg 1754w\" sizes=\"auto, (max-width: 212px) 100vw, 212px\" \/><\/strong><strong>INFOS<\/strong><\/h5>\n<ul>\n<li>\n<h6><a href=\"https:\/\/www.chateaudelarocheguyon.fr\/wp-content\/uploads\/2019\/09\/210925_Journee-etude-jardins_ProgrammeA5-WEB-1.pdf\" target=\"_blank\" rel=\"noopener\"><strong>Visualiser le programme<\/strong><\/a><\/h6>\n<\/li>\n<\/ul>\n<p><strong>PASS SANITAIRE OBLIGATOIRE <\/strong><\/p>\n<p style=\"padding-left: 40px;\">\n","protected":false},"excerpt":{"rendered":"<p>Le ch\u00e2teau a le plaisir de vous proposer une journ\u00e9e \u00e9tude Jardin &#8220;Le vivant conna\u00eet-il des fronti\u00e8res ?&#8221;<\/p>\n<p>Rendez-vous le 25 septembre de 10h \u00e0 17h30.<\/p>\n","protected":false},"author":4,"featured_media":3894,"comment_status":"closed","ping_status":"closed","sticky":false,"template":"","format":"standard","meta":{"footnotes":""},"categories":[71],"tags":[],"class_list":["post-3893","post","type-post","status-publish","format-standard","has-post-thumbnail","hentry","category-actualites"],"_links":{"self":[{"href":"https:\/\/www.chateaudelarocheguyon.fr\/le-chateau-se-livre\/wp-json\/wp\/v2\/posts\/3893","targetHints":{"allow":["GET"]}}],"collection":[{"href":"https:\/\/www.chateaudelarocheguyon.fr\/le-chateau-se-livre\/wp-json\/wp\/v2\/posts"}],"about":[{"href":"https:\/\/www.chateaudelarocheguyon.fr\/le-chateau-se-livre\/wp-json\/wp\/v2\/types\/post"}],"author":[{"embeddable":true,"href":"https:\/\/www.chateaudelarocheguyon.fr\/le-chateau-se-livre\/wp-json\/wp\/v2\/users\/4"}],"replies":[{"embeddable":true,"href":"https:\/\/www.chateaudelarocheguyon.fr\/le-chateau-se-livre\/wp-json\/wp\/v2\/comments?post=3893"}],"version-history":[{"count":3,"href":"https:\/\/www.chateaudelarocheguyon.fr\/le-chateau-se-livre\/wp-json\/wp\/v2\/posts\/3893\/revisions"}],"predecessor-version":[{"id":3899,"href":"https:\/\/www.chateaudelarocheguyon.fr\/le-chateau-se-livre\/wp-json\/wp\/v2\/posts\/3893\/revisions\/3899"}],"wp:featuredmedia":[{"embeddable":true,"href":"https:\/\/www.chateaudelarocheguyon.fr\/le-chateau-se-livre\/wp-json\/wp\/v2\/media\/3894"}],"wp:attachment":[{"href":"https:\/\/www.chateaudelarocheguyon.fr\/le-chateau-se-livre\/wp-json\/wp\/v2\/media?parent=3893"}],"wp:term":[{"taxonomy":"category","embeddable":true,"href":"https:\/\/www.chateaudelarocheguyon.fr\/le-chateau-se-livre\/wp-json\/wp\/v2\/categories?post=3893"},{"taxonomy":"post_tag","embeddable":true,"href":"https:\/\/www.chateaudelarocheguyon.fr\/le-chateau-se-livre\/wp-json\/wp\/v2\/tags?post=3893"}],"curies":[{"name":"wp","href":"https:\/\/api.w.org\/{rel}","templated":true}]}}