{"id":3818,"date":"2021-08-24T15:47:13","date_gmt":"2021-08-24T13:47:13","guid":{"rendered":"https:\/\/www.chateaudelarocheguyon.fr\/?p=3818"},"modified":"2021-09-21T14:41:02","modified_gmt":"2021-09-21T12:41:02","slug":"journees-europeennes-du-patrimoine","status":"publish","type":"post","link":"https:\/\/www.chateaudelarocheguyon.fr\/le-chateau-se-livre\/journees-europeennes-du-patrimoine\/","title":{"rendered":"JOURN\u00c9ES EUROP\u00c9ENNES DU PATRIMOINE"},"content":{"rendered":"<blockquote><p>Le ch\u00e2teau a le plaisir d&#8217;accueillir la manifestation nationale <em>Les Journ\u00e9es Europ\u00e9ennes du Patrimoine &#8211; Patrimoine pour tous !\u00a0<\/em><\/p>\n<p>Rendez-vous le 18 et 19 septembre de 10h \u00e0 19h.<\/p><\/blockquote>\n<hr \/>\n<h5><strong><img loading=\"lazy\" decoding=\"async\" class=\"wp-image-3819 size-medium alignleft\" src=\"https:\/\/www.chateaudelarocheguyon.fr\/wp-content\/uploads\/2021\/08\/JEP-Affiche_2021-212x300.jpg\" alt=\"\" width=\"212\" height=\"300\" srcset=\"https:\/\/www.chateaudelarocheguyon.fr\/le-chateau-se-livre\/wp-content\/uploads\/2021\/08\/JEP-Affiche_2021-212x300.jpg 212w, https:\/\/www.chateaudelarocheguyon.fr\/le-chateau-se-livre\/wp-content\/uploads\/2021\/08\/JEP-Affiche_2021-724x1024.jpg 724w, https:\/\/www.chateaudelarocheguyon.fr\/le-chateau-se-livre\/wp-content\/uploads\/2021\/08\/JEP-Affiche_2021-768x1086.jpg 768w, https:\/\/www.chateaudelarocheguyon.fr\/le-chateau-se-livre\/wp-content\/uploads\/2021\/08\/JEP-Affiche_2021-1086x1536.jpg 1086w, https:\/\/www.chateaudelarocheguyon.fr\/le-chateau-se-livre\/wp-content\/uploads\/2021\/08\/JEP-Affiche_2021-1448x2048.jpg 1448w, https:\/\/www.chateaudelarocheguyon.fr\/le-chateau-se-livre\/wp-content\/uploads\/2021\/08\/JEP-Affiche_2021-scaled.jpg 1810w\" sizes=\"auto, (max-width: 212px) 100vw, 212px\" \/><\/strong><strong>INFOS<\/strong><\/h5>\n<ul>\n<li>\n<h6><a href=\"https:\/\/www.chateaudelarocheguyon.fr\/wp-content\/uploads\/2019\/09\/Progamme-JEP-2021-web.pdf?fbclid=IwAR1UAbvvYzKJq1C8QAUYvijMAjnXeb1x9xIs0UXtDIKA1jLu1xc0D6XbPjU\" target=\"_blank\" rel=\"noopener\"><strong>Visualiser le programme<\/strong><\/a><\/h6>\n<\/li>\n<\/ul>\n<p><strong>PASS SANITAIRE OBLIGATOIRE <\/strong><\/p>\n<p style=\"padding-left: 40px;\">\n","protected":false},"excerpt":{"rendered":"<p>Le ch\u00e2teau a le plaisir d&#8217;accueillir la manifestation nationale Les Journ\u00e9es Europ\u00e9ennes du Patrimoine &#8211; Patrimoine pour tous !\u00a0<br \/>\nRendez-vous le 18 et 19 septembre de 10h \u00e0 19h.<\/p>\n","protected":false},"author":4,"featured_media":3819,"comment_status":"closed","ping_status":"closed","sticky":false,"template":"","format":"standard","meta":{"footnotes":""},"categories":[71],"tags":[],"class_list":["post-3818","post","type-post","status-publish","format-standard","has-post-thumbnail","hentry","category-actualites"],"_links":{"self":[{"href":"https:\/\/www.chateaudelarocheguyon.fr\/le-chateau-se-livre\/wp-json\/wp\/v2\/posts\/3818","targetHints":{"allow":["GET"]}}],"collection":[{"href":"https:\/\/www.chateaudelarocheguyon.fr\/le-chateau-se-livre\/wp-json\/wp\/v2\/posts"}],"about":[{"href":"https:\/\/www.chateaudelarocheguyon.fr\/le-chateau-se-livre\/wp-json\/wp\/v2\/types\/post"}],"author":[{"embeddable":true,"href":"https:\/\/www.chateaudelarocheguyon.fr\/le-chateau-se-livre\/wp-json\/wp\/v2\/users\/4"}],"replies":[{"embeddable":true,"href":"https:\/\/www.chateaudelarocheguyon.fr\/le-chateau-se-livre\/wp-json\/wp\/v2\/comments?post=3818"}],"version-history":[{"count":7,"href":"https:\/\/www.chateaudelarocheguyon.fr\/le-chateau-se-livre\/wp-json\/wp\/v2\/posts\/3818\/revisions"}],"predecessor-version":[{"id":3898,"href":"https:\/\/www.chateaudelarocheguyon.fr\/le-chateau-se-livre\/wp-json\/wp\/v2\/posts\/3818\/revisions\/3898"}],"wp:featuredmedia":[{"embeddable":true,"href":"https:\/\/www.chateaudelarocheguyon.fr\/le-chateau-se-livre\/wp-json\/wp\/v2\/media\/3819"}],"wp:attachment":[{"href":"https:\/\/www.chateaudelarocheguyon.fr\/le-chateau-se-livre\/wp-json\/wp\/v2\/media?parent=3818"}],"wp:term":[{"taxonomy":"category","embeddable":true,"href":"https:\/\/www.chateaudelarocheguyon.fr\/le-chateau-se-livre\/wp-json\/wp\/v2\/categories?post=3818"},{"taxonomy":"post_tag","embeddable":true,"href":"https:\/\/www.chateaudelarocheguyon.fr\/le-chateau-se-livre\/wp-json\/wp\/v2\/tags?post=3818"}],"curies":[{"name":"wp","href":"https:\/\/api.w.org\/{rel}","templated":true}]}}