{"id":3781,"date":"2021-08-13T18:24:09","date_gmt":"2021-08-13T16:24:09","guid":{"rendered":"https:\/\/www.chateaudelarocheguyon.fr\/?p=3781"},"modified":"2021-08-13T18:35:21","modified_gmt":"2021-08-13T16:35:21","slug":"les-nuits-des-etoiles","status":"publish","type":"post","link":"https:\/\/www.chateaudelarocheguyon.fr\/le-chateau-se-livre\/les-nuits-des-etoiles\/","title":{"rendered":"Les Nuits des \u00c9toiles"},"content":{"rendered":"<blockquote><p>Pour la septi\u00e8me ann\u00e9e, le ch\u00e2teau a le plaisir d&#8217;accueillir la manifestation nationale <em>Les Nuits des \u00c9toiles<\/em>. Le club d\u2019astronomie QUASAR 95 vient vous propose plusieurs activit\u00e9s \u00e0 venir d\u00e9couvrir le 28 et 29 ao\u00fbt.<\/p><\/blockquote>\n<hr \/>\n<h5><strong><a href=\"https:\/\/www.chateaudelarocheguyon.fr\/wp-content\/uploads\/2019\/09\/190804_Nuits-des-etoiles_Tract-V2.pdf\" target=\"_blank\" rel=\"noopener\"><img loading=\"lazy\" decoding=\"async\" class=\"alignleft wp-image-3788 size-medium\" src=\"https:\/\/www.chateaudelarocheguyon.fr\/wp-content\/uploads\/2021\/08\/Programme_Nuits-des-etoiles-212x300.png\" alt=\"\" width=\"212\" height=\"300\" srcset=\"https:\/\/www.chateaudelarocheguyon.fr\/le-chateau-se-livre\/wp-content\/uploads\/2021\/08\/Programme_Nuits-des-etoiles-212x300.png 212w, https:\/\/www.chateaudelarocheguyon.fr\/le-chateau-se-livre\/wp-content\/uploads\/2021\/08\/Programme_Nuits-des-etoiles.png 318w\" sizes=\"auto, (max-width: 212px) 100vw, 212px\" \/><\/a><\/strong><\/h5>\n<h5><\/h5>\n<h5><strong>INFOS<\/strong><\/h5>\n<ul>\n<li><a href=\"https:\/\/www.chateaudelarocheguyon.fr\/wp-content\/uploads\/2019\/09\/190804_Nuits-des-etoiles_Tract-V2.pdf\" target=\"_blank\" rel=\"noopener\"><strong>T\u00e9l\u00e9charger le programme &#8220;Nuits des \u00e9toiles&#8221;<\/strong><\/a><\/li>\n<\/ul>\n<p><strong>PASS SANITAIRE OBLIGATOIRE\u00a0<\/strong><br \/>\n<a href=\"https:\/\/www.chateaudelarocheguyon.fr\/wp-content\/uploads\/2019\/09\/190804_Nuits-des-etoiles_Tract-V2.pdf\" target=\"_blank\" rel=\"noopener\"><strong>EN SAVOIR PLUS<\/strong><\/a><\/p>\n<p style=\"padding-left: 40px;\">\n","protected":false},"excerpt":{"rendered":"<p>Pour la septi\u00e8me ann\u00e9e, le ch\u00e2teau a le plaisir d&#8217;accueillir la manifestation nationale Les Nuits des \u00c9toiles.<\/p>\n","protected":false},"author":1,"featured_media":3785,"comment_status":"closed","ping_status":"closed","sticky":false,"template":"","format":"standard","meta":{"footnotes":""},"categories":[71],"tags":[],"class_list":["post-3781","post","type-post","status-publish","format-standard","has-post-thumbnail","hentry","category-actualites"],"_links":{"self":[{"href":"https:\/\/www.chateaudelarocheguyon.fr\/le-chateau-se-livre\/wp-json\/wp\/v2\/posts\/3781","targetHints":{"allow":["GET"]}}],"collection":[{"href":"https:\/\/www.chateaudelarocheguyon.fr\/le-chateau-se-livre\/wp-json\/wp\/v2\/posts"}],"about":[{"href":"https:\/\/www.chateaudelarocheguyon.fr\/le-chateau-se-livre\/wp-json\/wp\/v2\/types\/post"}],"author":[{"embeddable":true,"href":"https:\/\/www.chateaudelarocheguyon.fr\/le-chateau-se-livre\/wp-json\/wp\/v2\/users\/1"}],"replies":[{"embeddable":true,"href":"https:\/\/www.chateaudelarocheguyon.fr\/le-chateau-se-livre\/wp-json\/wp\/v2\/comments?post=3781"}],"version-history":[{"count":5,"href":"https:\/\/www.chateaudelarocheguyon.fr\/le-chateau-se-livre\/wp-json\/wp\/v2\/posts\/3781\/revisions"}],"predecessor-version":[{"id":3792,"href":"https:\/\/www.chateaudelarocheguyon.fr\/le-chateau-se-livre\/wp-json\/wp\/v2\/posts\/3781\/revisions\/3792"}],"wp:featuredmedia":[{"embeddable":true,"href":"https:\/\/www.chateaudelarocheguyon.fr\/le-chateau-se-livre\/wp-json\/wp\/v2\/media\/3785"}],"wp:attachment":[{"href":"https:\/\/www.chateaudelarocheguyon.fr\/le-chateau-se-livre\/wp-json\/wp\/v2\/media?parent=3781"}],"wp:term":[{"taxonomy":"category","embeddable":true,"href":"https:\/\/www.chateaudelarocheguyon.fr\/le-chateau-se-livre\/wp-json\/wp\/v2\/categories?post=3781"},{"taxonomy":"post_tag","embeddable":true,"href":"https:\/\/www.chateaudelarocheguyon.fr\/le-chateau-se-livre\/wp-json\/wp\/v2\/tags?post=3781"}],"curies":[{"name":"wp","href":"https:\/\/api.w.org\/{rel}","templated":true}]}}