{"id":3714,"date":"2021-08-03T15:51:48","date_gmt":"2021-08-03T13:51:48","guid":{"rendered":"https:\/\/www.chateaudelarocheguyon.fr\/?p=3714"},"modified":"2021-08-13T17:47:28","modified_gmt":"2021-08-13T15:47:28","slug":"lete-culturel","status":"publish","type":"post","link":"https:\/\/www.chateaudelarocheguyon.fr\/le-chateau-se-livre\/lete-culturel\/","title":{"rendered":"L\u2019\u00c9T\u00c9 <br\/>CULTUREL"},"content":{"rendered":"<blockquote><p>Du 15 juin au 30 septembre 2021<\/p>\n<p><strong>DES RENDEZ-VOUS TOUT L\u2019\u00c9T\u00c9, GRATUITS, A NE PAS MANQUER\u00a0!<\/strong><\/p><\/blockquote>\n<p>L\u2019\u00c9t\u00e9 culturel a pour but de faire rayonner les arts et la culture\u00a0pour d\u00e9velopper les domaines culturels mobilisant artistes et professionnels de la culture. \u00c9galement afin de permettre aux habitants de participer \u00e0 des ateliers, des rencontres, des spectacles, des visites\u2026<\/p>\n<hr \/>\n<h5><\/h5>\n<h5><strong><a href=\"https:\/\/www.chateaudelarocheguyon.fr\/wp-content\/uploads\/2019\/09\/210326_Progamme_Un-ete-culturel-juillet-aout-2021-SITE-2.pdf\" target=\"_blank\" rel=\"noopener\"><img loading=\"lazy\" decoding=\"async\" class=\"alignleft wp-image-3732 size-medium\" src=\"https:\/\/www.chateaudelarocheguyon.fr\/wp-content\/uploads\/2021\/08\/Ete-Culturel-mini-300x212.png\" alt=\"\" width=\"300\" height=\"212\" srcset=\"https:\/\/www.chateaudelarocheguyon.fr\/le-chateau-se-livre\/wp-content\/uploads\/2021\/08\/Ete-Culturel-mini-300x212.png 300w, https:\/\/www.chateaudelarocheguyon.fr\/le-chateau-se-livre\/wp-content\/uploads\/2021\/08\/Ete-Culturel-mini-1024x725.png 1024w, https:\/\/www.chateaudelarocheguyon.fr\/le-chateau-se-livre\/wp-content\/uploads\/2021\/08\/Ete-Culturel-mini-768x544.png 768w, https:\/\/www.chateaudelarocheguyon.fr\/le-chateau-se-livre\/wp-content\/uploads\/2021\/08\/Ete-Culturel-mini.png 1519w\" sizes=\"auto, (max-width: 300px) 100vw, 300px\" \/><\/a>INFOS<\/strong><\/h5>\n<ul>\n<li>Accueil du ch\u00e2teau : 01 34 79 74 42 ou\u00a0\u00a0<a href=\"mailto:service.accueil@chateaudelarocheguyon.fr\">service.accueil@chateaudelarocheguyon.fr<\/a><\/li>\n<li><a href=\"https:\/\/www.chateaudelarocheguyon.fr\/wp-content\/uploads\/2019\/09\/210326_Progamme_Un-ete-culturel-juillet-aout-2021-SITE-2.pdf\" target=\"_blank\" rel=\"noopener\"><strong>T\u00e9l\u00e9charger le programme de l\u2019\u00c9t\u00e9 culturel.<\/strong><\/a><\/li>\n<li><em>\u00c9v\u00e9nement organis\u00e9 dans le respect des r\u00e8gles sanitaires en vigueur : masque requis d\u00e8s 11 ans.<\/em><\/li>\n<\/ul>\n<p style=\"padding-left: 40px;\"><strong>PASS SANITAIRE OBLIGATOIRE POUR PARTICIPER AUX CONCERTS ET AUX VISITES DES \u00c9GLISES.<br \/>\n<\/strong><a href=\"https:\/\/www.chateaudelarocheguyon.fr\/wp-content\/uploads\/2019\/09\/210326_Progamme_Un-ete-culturel-juillet-aout-2021-SITE-2.pdf\" target=\"_blank\" rel=\"noopener\"><strong>EN SAVOIR PLUS.<\/strong><\/a><\/p>\n","protected":false},"excerpt":{"rendered":"<p>L\u2019\u00c9t\u00e9 culturel a pour but de faire rayonner les arts et la culture\u00a0pour d\u00e9velopper les domaines culturels mobilisant artistes et professionnels de la culture.<\/p>\n","protected":false},"author":1,"featured_media":3742,"comment_status":"closed","ping_status":"closed","sticky":false,"template":"","format":"standard","meta":{"footnotes":""},"categories":[71],"tags":[83],"class_list":["post-3714","post","type-post","status-publish","format-standard","has-post-thumbnail","hentry","category-actualites","tag-fete-de-la-musique"],"_links":{"self":[{"href":"https:\/\/www.chateaudelarocheguyon.fr\/le-chateau-se-livre\/wp-json\/wp\/v2\/posts\/3714","targetHints":{"allow":["GET"]}}],"collection":[{"href":"https:\/\/www.chateaudelarocheguyon.fr\/le-chateau-se-livre\/wp-json\/wp\/v2\/posts"}],"about":[{"href":"https:\/\/www.chateaudelarocheguyon.fr\/le-chateau-se-livre\/wp-json\/wp\/v2\/types\/post"}],"author":[{"embeddable":true,"href":"https:\/\/www.chateaudelarocheguyon.fr\/le-chateau-se-livre\/wp-json\/wp\/v2\/users\/1"}],"replies":[{"embeddable":true,"href":"https:\/\/www.chateaudelarocheguyon.fr\/le-chateau-se-livre\/wp-json\/wp\/v2\/comments?post=3714"}],"version-history":[{"count":12,"href":"https:\/\/www.chateaudelarocheguyon.fr\/le-chateau-se-livre\/wp-json\/wp\/v2\/posts\/3714\/revisions"}],"predecessor-version":[{"id":3772,"href":"https:\/\/www.chateaudelarocheguyon.fr\/le-chateau-se-livre\/wp-json\/wp\/v2\/posts\/3714\/revisions\/3772"}],"wp:featuredmedia":[{"embeddable":true,"href":"https:\/\/www.chateaudelarocheguyon.fr\/le-chateau-se-livre\/wp-json\/wp\/v2\/media\/3742"}],"wp:attachment":[{"href":"https:\/\/www.chateaudelarocheguyon.fr\/le-chateau-se-livre\/wp-json\/wp\/v2\/media?parent=3714"}],"wp:term":[{"taxonomy":"category","embeddable":true,"href":"https:\/\/www.chateaudelarocheguyon.fr\/le-chateau-se-livre\/wp-json\/wp\/v2\/categories?post=3714"},{"taxonomy":"post_tag","embeddable":true,"href":"https:\/\/www.chateaudelarocheguyon.fr\/le-chateau-se-livre\/wp-json\/wp\/v2\/tags?post=3714"}],"curies":[{"name":"wp","href":"https:\/\/api.w.org\/{rel}","templated":true}]}}