{"id":2682,"date":"2021-06-02T12:56:51","date_gmt":"2021-06-02T10:56:51","guid":{"rendered":"http:\/\/lrg.comm-des-entrepreneurs.com\/?p=2682"},"modified":"2021-08-13T18:44:45","modified_gmt":"2021-08-13T16:44:45","slug":"fete-de-la-musique-2021","status":"publish","type":"post","link":"https:\/\/www.chateaudelarocheguyon.fr\/le-chateau-se-livre\/fete-de-la-musique-2021\/","title":{"rendered":"F\u00caTE DE LA MUSIQUE \u2013 2021"},"content":{"rendered":"<blockquote>\n<p>&nbsp;F\u00eate de la musique 2021,<br>au ch\u00e2teau d\u00e8s 19h !<\/p>\n<\/blockquote>\n<p style=\"text-align: justify;\">A cette occasion venez \u00e9couter les artistes suivants\u2026<\/p>\n<ul>\n<li style=\"text-align: justify;\"><strong>19h00<\/strong>&nbsp;: Mar\u00e8me Diop, auteure-compositrice-interpr\u00e8te, accompagn\u00e9e de deux musiciens (guitare et percussions). A la voix tant\u00f4t douce tant\u00f4t puissante, les m\u00e9lodies, les textes positifs&nbsp;et la bonne \u00e9nergie de Mar\u00e8me nous transportent corps et \u00e2me vers un voyage joyeux ou m\u00e9lancolique.<\/li>\n<li style=\"text-align: justify;\"><strong>19h45<\/strong>&nbsp;: FUN COPPER BAND. Groupe de 8 musiciens, m\u00ealant chant et harmonica, trompette, saxophone, basse, batterie, clavier et guitares. Ils proposent des reprises des Blues Brothers, stevie wonder, etc\u2026 du rythm and blues en passant par le funk.<\/li>\n<li style=\"text-align: justify;\"><strong>20h30<\/strong>&nbsp;: VI&amp;PI. Groupe de 5 musiciens. Apr\u00e8s quelques exp\u00e9riences sc\u00e9niques et de studios, les deux fr\u00e8res dessinent un projet musical inspir\u00e9 par leurs influences puis\u00e9es dans leur jeunesse. Vi&amp;Pi propose ses propres compositions aux m\u00e9lodies \u00ab pop\/rock \u00bb chant\u00e9es en Fran\u00e7ais.<\/li>\n<li style=\"text-align: justify;\"><strong>21h45<\/strong>&nbsp;: Les Bruits noirs. Duo de Guitare, basse, synth\u00e9 et samples pour une musique \u00e9lectro industrial darkwave. Un style underground et envo\u00fbtant.<\/li>\n<\/ul>\n\n\n<p><\/p>\n","protected":false},"excerpt":{"rendered":"<p>Pour la F\u00eate de la musique 2021, le Ch\u00e2teau organise la F\u00eate de la Musique de 19h \u00e0 22h30 lundi 21 juin ! &#8230;.<\/p>\n","protected":false},"author":1,"featured_media":3480,"comment_status":"closed","ping_status":"closed","sticky":false,"template":"","format":"gallery","meta":{"footnotes":""},"categories":[71],"tags":[83],"class_list":["post-2682","post","type-post","status-publish","format-gallery","has-post-thumbnail","hentry","category-actualites","tag-fete-de-la-musique","post_format-post-format-gallery"],"_links":{"self":[{"href":"https:\/\/www.chateaudelarocheguyon.fr\/le-chateau-se-livre\/wp-json\/wp\/v2\/posts\/2682","targetHints":{"allow":["GET"]}}],"collection":[{"href":"https:\/\/www.chateaudelarocheguyon.fr\/le-chateau-se-livre\/wp-json\/wp\/v2\/posts"}],"about":[{"href":"https:\/\/www.chateaudelarocheguyon.fr\/le-chateau-se-livre\/wp-json\/wp\/v2\/types\/post"}],"author":[{"embeddable":true,"href":"https:\/\/www.chateaudelarocheguyon.fr\/le-chateau-se-livre\/wp-json\/wp\/v2\/users\/1"}],"replies":[{"embeddable":true,"href":"https:\/\/www.chateaudelarocheguyon.fr\/le-chateau-se-livre\/wp-json\/wp\/v2\/comments?post=2682"}],"version-history":[{"count":7,"href":"https:\/\/www.chateaudelarocheguyon.fr\/le-chateau-se-livre\/wp-json\/wp\/v2\/posts\/2682\/revisions"}],"predecessor-version":[{"id":3755,"href":"https:\/\/www.chateaudelarocheguyon.fr\/le-chateau-se-livre\/wp-json\/wp\/v2\/posts\/2682\/revisions\/3755"}],"wp:featuredmedia":[{"embeddable":true,"href":"https:\/\/www.chateaudelarocheguyon.fr\/le-chateau-se-livre\/wp-json\/wp\/v2\/media\/3480"}],"wp:attachment":[{"href":"https:\/\/www.chateaudelarocheguyon.fr\/le-chateau-se-livre\/wp-json\/wp\/v2\/media?parent=2682"}],"wp:term":[{"taxonomy":"category","embeddable":true,"href":"https:\/\/www.chateaudelarocheguyon.fr\/le-chateau-se-livre\/wp-json\/wp\/v2\/categories?post=2682"},{"taxonomy":"post_tag","embeddable":true,"href":"https:\/\/www.chateaudelarocheguyon.fr\/le-chateau-se-livre\/wp-json\/wp\/v2\/tags?post=2682"}],"curies":[{"name":"wp","href":"https:\/\/api.w.org\/{rel}","templated":true}]}}