{"id":2676,"date":"2021-06-02T12:48:25","date_gmt":"2021-06-02T10:48:25","guid":{"rendered":"http:\/\/lrg.comm-des-entrepreneurs.com\/?p=2676"},"modified":"2021-08-13T18:45:04","modified_gmt":"2021-08-13T16:45:04","slug":"concert-des-revelations","status":"publish","type":"post","link":"https:\/\/www.chateaudelarocheguyon.fr\/le-chateau-se-livre\/concert-des-revelations\/","title":{"rendered":"CONCERT DES R\u00c9V\u00c9LATIONS"},"content":{"rendered":"<p><img loading=\"lazy\" decoding=\"async\" class=\"size-medium wp-image-3106 alignleft\" src=\"https:\/\/www.chateaudelarocheguyon.fr\/wp-content\/uploads\/2021\/06\/Jean-Mouillere-@ViaNova-2-169x300.jpg\" alt=\"\" width=\"169\" height=\"300\" srcset=\"https:\/\/www.chateaudelarocheguyon.fr\/le-chateau-se-livre\/wp-content\/uploads\/2021\/06\/Jean-Mouillere-@ViaNova-2-169x300.jpg 169w, https:\/\/www.chateaudelarocheguyon.fr\/le-chateau-se-livre\/wp-content\/uploads\/2021\/06\/Jean-Mouillere-@ViaNova-2.jpg 359w\" sizes=\"auto, (max-width: 169px) 100vw, 169px\" \/><\/p>\n<h4>Master classes \u2013 Jean Mouill\u00e8re<br \/>\nDim. 13 juin \u00e0 14h30<\/h4>\n<div class=\"\" data-block=\"true\" data-editor=\"9grds\" data-offset-key=\"12ogp-0-0\">\n<div class=\"_1mf _1mj\" data-offset-key=\"12ogp-0-0\">\n<p>Les master classes de musique classique de La Roche-Guyon r\u00e9v\u00e8lent chaque ann\u00e9e de nouveaux talents.<br \/>\nVenez d\u00e9couvrir leurs interpr\u00e9tations \u00e9mouvantes des grandes \u0153uvres du r\u00e9pertoire classique.<\/p>\n<p>Tout public. Tarif unique : 15\u20ac, gratuit pour les moins de 12 ans.<\/p>\n<\/div>\n<\/div>\n<blockquote>\n<h3 style=\"text-align: center;\"><strong><span class=\"d2edcug0 hpfvmrgz qv66sw1b c1et5uql lr9zc1uh a8c37x1j keod5gw0 nxhoafnm aigsh9s9 d3f4x2em fe6kdd0r mau55g9w c8b282yb iv3no6db jq4qci2q a3bd9o3v knj5qynh oo9gr5id hzawbc8m\" dir=\"auto\">Sur r\u00e9servation au 01 34 79 74 42<br \/>\n<a href=\"mailto:service.accueil@chateaudelarocheguyon.fr\" target=\"_blank\" rel=\"noopener\">service.accueil@chateaudelarocheguyon.fr<\/a><\/span><\/strong><\/h3>\n<\/blockquote>\n","protected":false},"excerpt":{"rendered":"<p>Les master classes de musique classique de La Roche-Guyon r\u00e9v\u00e8lent chaque ann\u00e9e de nouveaux talents&#8230;.<\/p>\n","protected":false},"author":1,"featured_media":3105,"comment_status":"closed","ping_status":"closed","sticky":false,"template":"","format":"gallery","meta":{"footnotes":""},"categories":[71],"tags":[80,81,82],"class_list":["post-2676","post","type-post","status-publish","format-gallery","has-post-thumbnail","hentry","category-actualites","tag-concert","tag-revelations","tag-violon","post_format-post-format-gallery"],"_links":{"self":[{"href":"https:\/\/www.chateaudelarocheguyon.fr\/le-chateau-se-livre\/wp-json\/wp\/v2\/posts\/2676","targetHints":{"allow":["GET"]}}],"collection":[{"href":"https:\/\/www.chateaudelarocheguyon.fr\/le-chateau-se-livre\/wp-json\/wp\/v2\/posts"}],"about":[{"href":"https:\/\/www.chateaudelarocheguyon.fr\/le-chateau-se-livre\/wp-json\/wp\/v2\/types\/post"}],"author":[{"embeddable":true,"href":"https:\/\/www.chateaudelarocheguyon.fr\/le-chateau-se-livre\/wp-json\/wp\/v2\/users\/1"}],"replies":[{"embeddable":true,"href":"https:\/\/www.chateaudelarocheguyon.fr\/le-chateau-se-livre\/wp-json\/wp\/v2\/comments?post=2676"}],"version-history":[{"count":11,"href":"https:\/\/www.chateaudelarocheguyon.fr\/le-chateau-se-livre\/wp-json\/wp\/v2\/posts\/2676\/revisions"}],"predecessor-version":[{"id":3156,"href":"https:\/\/www.chateaudelarocheguyon.fr\/le-chateau-se-livre\/wp-json\/wp\/v2\/posts\/2676\/revisions\/3156"}],"wp:featuredmedia":[{"embeddable":true,"href":"https:\/\/www.chateaudelarocheguyon.fr\/le-chateau-se-livre\/wp-json\/wp\/v2\/media\/3105"}],"wp:attachment":[{"href":"https:\/\/www.chateaudelarocheguyon.fr\/le-chateau-se-livre\/wp-json\/wp\/v2\/media?parent=2676"}],"wp:term":[{"taxonomy":"category","embeddable":true,"href":"https:\/\/www.chateaudelarocheguyon.fr\/le-chateau-se-livre\/wp-json\/wp\/v2\/categories?post=2676"},{"taxonomy":"post_tag","embeddable":true,"href":"https:\/\/www.chateaudelarocheguyon.fr\/le-chateau-se-livre\/wp-json\/wp\/v2\/tags?post=2676"}],"curies":[{"name":"wp","href":"https:\/\/api.w.org\/{rel}","templated":true}]}}