{"id":2666,"date":"2021-06-02T12:31:17","date_gmt":"2021-06-02T10:31:17","guid":{"rendered":"http:\/\/lrg.comm-des-entrepreneurs.com\/?p=2666"},"modified":"2021-06-16T18:00:03","modified_gmt":"2021-06-16T16:00:03","slug":"reouverture-du-donjon","status":"publish","type":"post","link":"https:\/\/www.chateaudelarocheguyon.fr\/le-chateau-se-livre\/reouverture-du-donjon\/","title":{"rendered":"R\u00c9OUVERTURE DU DONJON !"},"content":{"rendered":"<p>[vc_row][vc_column][vc_column_text]<\/p>\n<div class=\"\" data-block=\"true\" data-editor=\"9grds\" data-offset-key=\"12ogp-0-0\">\n<div class=\"_1mf _1mj\" data-offset-key=\"12ogp-0-0\">\n<p style=\"text-align: justify;\">Les travaux de restauration du donjon sont termin\u00e9s !\u00a0<span class=\"d2edcug0 hpfvmrgz qv66sw1b c1et5uql lr9zc1uh a8c37x1j keod5gw0 nxhoafnm aigsh9s9 d3f4x2em fe6kdd0r mau55g9w c8b282yb iv3no6db jq4qci2q a3bd9o3v knj5qynh oo9gr5id hzawbc8m\" dir=\"auto\">Vous pouvez d\u00e9sormais profiter de la vue exceptionnelle sur la vall\u00e9e de la Seine, non sans avoir au pr\u00e9alable gravi les 273 marches de l\u2019escalier troglodytique.\u00a0<\/span><\/p>\n<\/div>\n<\/div>\n<p>[\/vc_column_text][vc_empty_space height=&#8221;11px&#8221;][\/vc_column][\/vc_row][vc_row][vc_column][vc_column_text]<\/p>\n<blockquote>\n<h3 style=\"text-align: center;\"><strong><span class=\"d2edcug0 hpfvmrgz qv66sw1b c1et5uql lr9zc1uh a8c37x1j keod5gw0 nxhoafnm aigsh9s9 d3f4x2em fe6kdd0r mau55g9w c8b282yb iv3no6db jq4qci2q a3bd9o3v knj5qynh oo9gr5id hzawbc8m\" dir=\"auto\">A tr\u00e8s bient\u00f4t !<\/span><\/strong><\/h3>\n<\/blockquote>\n<p>[\/vc_column_text][\/vc_column][\/vc_row]<\/p>\n","protected":false},"excerpt":{"rendered":"<p>Les travaux de restauration du donjon sont termin\u00e9s !&#8230;<\/p>\n","protected":false},"author":1,"featured_media":3487,"comment_status":"closed","ping_status":"closed","sticky":false,"template":"","format":"gallery","meta":{"footnotes":""},"categories":[71],"tags":[78,79],"class_list":["post-2666","post","type-post","status-publish","format-gallery","has-post-thumbnail","hentry","category-actualites","tag-donjon","tag-reouverture","post_format-post-format-gallery"],"_links":{"self":[{"href":"https:\/\/www.chateaudelarocheguyon.fr\/le-chateau-se-livre\/wp-json\/wp\/v2\/posts\/2666","targetHints":{"allow":["GET"]}}],"collection":[{"href":"https:\/\/www.chateaudelarocheguyon.fr\/le-chateau-se-livre\/wp-json\/wp\/v2\/posts"}],"about":[{"href":"https:\/\/www.chateaudelarocheguyon.fr\/le-chateau-se-livre\/wp-json\/wp\/v2\/types\/post"}],"author":[{"embeddable":true,"href":"https:\/\/www.chateaudelarocheguyon.fr\/le-chateau-se-livre\/wp-json\/wp\/v2\/users\/1"}],"replies":[{"embeddable":true,"href":"https:\/\/www.chateaudelarocheguyon.fr\/le-chateau-se-livre\/wp-json\/wp\/v2\/comments?post=2666"}],"version-history":[{"count":1,"href":"https:\/\/www.chateaudelarocheguyon.fr\/le-chateau-se-livre\/wp-json\/wp\/v2\/posts\/2666\/revisions"}],"predecessor-version":[{"id":2669,"href":"https:\/\/www.chateaudelarocheguyon.fr\/le-chateau-se-livre\/wp-json\/wp\/v2\/posts\/2666\/revisions\/2669"}],"wp:featuredmedia":[{"embeddable":true,"href":"https:\/\/www.chateaudelarocheguyon.fr\/le-chateau-se-livre\/wp-json\/wp\/v2\/media\/3487"}],"wp:attachment":[{"href":"https:\/\/www.chateaudelarocheguyon.fr\/le-chateau-se-livre\/wp-json\/wp\/v2\/media?parent=2666"}],"wp:term":[{"taxonomy":"category","embeddable":true,"href":"https:\/\/www.chateaudelarocheguyon.fr\/le-chateau-se-livre\/wp-json\/wp\/v2\/categories?post=2666"},{"taxonomy":"post_tag","embeddable":true,"href":"https:\/\/www.chateaudelarocheguyon.fr\/le-chateau-se-livre\/wp-json\/wp\/v2\/tags?post=2666"}],"curies":[{"name":"wp","href":"https:\/\/api.w.org\/{rel}","templated":true}]}}