{"id":1727,"date":"2021-06-02T12:00:22","date_gmt":"2021-06-02T10:00:22","guid":{"rendered":"https:\/\/musea.qodeinteractive.com\/?p=1727"},"modified":"2021-08-13T18:45:25","modified_gmt":"2021-08-13T16:45:25","slug":"lesprit-des-plantes","status":"publish","type":"post","link":"https:\/\/www.chateaudelarocheguyon.fr\/le-chateau-se-livre\/lesprit-des-plantes\/","title":{"rendered":"L\u2019ESPRIT DES PLANTES"},"content":{"rendered":"<h4>Par Mallory Patte-Serrano &amp; Claire Le Michel Cie Un soir ailleurs<\/h4>\n<p>[vc_row][vc_column][vc_column_text]<\/p>\n<p><strong>SPECTACLE<br \/>\n<\/strong><strong>Samedi 5 juin \u00e0 16h<\/strong><\/p>\n<p>Ce spectacle a \u00e9t\u00e9 cr\u00e9\u00e9 \u00e0 l\u2019occasion de la r\u00e9sidence d\u2019auteure de Claire Le Michel au ch\u00e2teau en 2020. Ce spectacle sensoriel et sensuel propose une exp\u00e9rience du sensible : il s\u2019agit, non seulement de regarder et \u00e9couter, mais d\u2019\u00eatre travers\u00e9 de sensations, d\u2019\u00e9motions, de vivre et respirer la po\u00e9sie. [\/vc_column_text][vc_empty_space height=&#8221;11px&#8221;][\/vc_column][\/vc_row][vc_row][vc_column][vc_column_text]<\/p>\n<blockquote>\n<h3 style=\"text-align: center;\"><strong>Dans le Potager-fruitier \u2013 bosquet est<br \/>\nEntr\u00e9e gratuite.<\/strong><\/h3>\n<\/blockquote>\n<p>[\/vc_column_text][\/vc_column][\/vc_row]<\/p>\n","protected":false},"excerpt":{"rendered":"<p>Ce spectacle a \u00e9t\u00e9 cr\u00e9\u00e9 \u00e0 l\u2019occasion de la r\u00e9sidence d\u2019auteure de Claire Le Michel au ch\u00e2teau en 2020&#8230;<\/p>\n","protected":false},"author":1,"featured_media":2646,"comment_status":"closed","ping_status":"closed","sticky":false,"template":"","format":"gallery","meta":{"footnotes":""},"categories":[71],"tags":[72,73],"class_list":["post-1727","post","type-post","status-publish","format-gallery","has-post-thumbnail","hentry","category-actualites","tag-esprit-des-plantes","tag-spectacle","post_format-post-format-gallery"],"_links":{"self":[{"href":"https:\/\/www.chateaudelarocheguyon.fr\/le-chateau-se-livre\/wp-json\/wp\/v2\/posts\/1727","targetHints":{"allow":["GET"]}}],"collection":[{"href":"https:\/\/www.chateaudelarocheguyon.fr\/le-chateau-se-livre\/wp-json\/wp\/v2\/posts"}],"about":[{"href":"https:\/\/www.chateaudelarocheguyon.fr\/le-chateau-se-livre\/wp-json\/wp\/v2\/types\/post"}],"author":[{"embeddable":true,"href":"https:\/\/www.chateaudelarocheguyon.fr\/le-chateau-se-livre\/wp-json\/wp\/v2\/users\/1"}],"replies":[{"embeddable":true,"href":"https:\/\/www.chateaudelarocheguyon.fr\/le-chateau-se-livre\/wp-json\/wp\/v2\/comments?post=1727"}],"version-history":[{"count":15,"href":"https:\/\/www.chateaudelarocheguyon.fr\/le-chateau-se-livre\/wp-json\/wp\/v2\/posts\/1727\/revisions"}],"predecessor-version":[{"id":3157,"href":"https:\/\/www.chateaudelarocheguyon.fr\/le-chateau-se-livre\/wp-json\/wp\/v2\/posts\/1727\/revisions\/3157"}],"wp:featuredmedia":[{"embeddable":true,"href":"https:\/\/www.chateaudelarocheguyon.fr\/le-chateau-se-livre\/wp-json\/wp\/v2\/media\/2646"}],"wp:attachment":[{"href":"https:\/\/www.chateaudelarocheguyon.fr\/le-chateau-se-livre\/wp-json\/wp\/v2\/media?parent=1727"}],"wp:term":[{"taxonomy":"category","embeddable":true,"href":"https:\/\/www.chateaudelarocheguyon.fr\/le-chateau-se-livre\/wp-json\/wp\/v2\/categories?post=1727"},{"taxonomy":"post_tag","embeddable":true,"href":"https:\/\/www.chateaudelarocheguyon.fr\/le-chateau-se-livre\/wp-json\/wp\/v2\/tags?post=1727"}],"curies":[{"name":"wp","href":"https:\/\/api.w.org\/{rel}","templated":true}]}}